{"id":2451,"date":"2023-07-21T10:21:34","date_gmt":"2023-07-21T09:21:34","guid":{"rendered":"https:\/\/rheinklangwesseling.de\/?p=2451"},"modified":"2023-07-21T10:21:34","modified_gmt":"2023-07-21T09:21:34","slug":"6-wesselinger-lichter-am-2-9-2023-ab-19-uhr","status":"publish","type":"post","link":"https:\/\/rheinklangwesseling.de\/?p=2451","title":{"rendered":"6. Wesselinger Lichter am 2.9.2023, ab 19 Uhr"},"content":{"rendered":"\n<figure class=\"wp-block-image size-large\"><img loading=\"lazy\" decoding=\"async\" width=\"1024\" height=\"1024\" src=\"https:\/\/rheinklangwesseling.de\/wp-content\/uploads\/2023\/07\/IMG-20230721-WA0013-1024x1024.jpg\" alt=\"\" class=\"wp-image-2452\" srcset=\"https:\/\/rheinklangwesseling.de\/wp-content\/uploads\/2023\/07\/IMG-20230721-WA0013-1024x1024.jpg 1024w, https:\/\/rheinklangwesseling.de\/wp-content\/uploads\/2023\/07\/IMG-20230721-WA0013-300x300.jpg 300w, https:\/\/rheinklangwesseling.de\/wp-content\/uploads\/2023\/07\/IMG-20230721-WA0013-150x150.jpg 150w, https:\/\/rheinklangwesseling.de\/wp-content\/uploads\/2023\/07\/IMG-20230721-WA0013-768x768.jpg 768w, https:\/\/rheinklangwesseling.de\/wp-content\/uploads\/2023\/07\/IMG-20230721-WA0013-1536x1536.jpg 1536w, https:\/\/rheinklangwesseling.de\/wp-content\/uploads\/2023\/07\/IMG-20230721-WA0013-100x100.jpg 100w, https:\/\/rheinklangwesseling.de\/wp-content\/uploads\/2023\/07\/IMG-20230721-WA0013.jpg 2048w\" sizes=\"auto, (max-width: 767px) 89vw, (max-width: 1000px) 54vw, (max-width: 1071px) 543px, 580px\" \/><\/figure>\n\n\n\n<p>Das RheinKlang 669 Organisationsteam m\u00f6chte am <strong>Samstag, 2. September 2023, ab 19 Uhr<\/strong> wieder mit den Besucherinnen und Besuchern der <a href=\"https:\/\/www.facebook.com\/events\/577262714390507\/?__tn__=-UK*F\">6. Wesselinger Lichter organisiert von Rheinklang 669<\/a> zusammen die gesamte Rheintreppe am Anleger der K\u00f6ln-D\u00fcsseldorfer mit Kerzenlaternen und Lichtert\u00fcten beleuchten!<br>F\u00fcr diese Open-Air-Veranstaltung ist ein tolles Programm vorbereitet! Mit dabei sind Geht nich gibt&#8217;s nich, das sind <a href=\"https:\/\/www.facebook.com\/people\/ELPI\/100057481366627\/?__tn__=-]K*F\">ELPI<\/a> alias Lothar Pr\u00fcnte, Gesang\/Gitarre, Michael Schak, Gitarre, und Thomas Husemann, Bass, mit Pop-\/Rock-Klassikern der letzten 50 Jahre, der <a href=\"https:\/\/www.facebook.com\/tambourcorpskeldenich?__tn__=-]K*F\">Musikverein TC &#8222;Gut Klang&#8220; 1923 Keldenich<\/a>, der dieses Jahr sein 100-j\u00e4hriges Bestehen feiert,, <a href=\"https:\/\/www.facebook.com\/mathiasnellesmusic?__tn__=-]K*F\">Mathias Nelles Music<\/a>, der als Entertainer Br\u00fccken schl\u00e4gt zwischen K\u00f6lschen Songs, Rock\/Pop Classics und Irish Folk und schon im letzten Jahr das Publikum zum Mitsingen gebracht hat, sowie die <a href=\"https:\/\/www.facebook.com\/domstadtbandeofficial?__tn__=-]K*F\">Domstadtbande<\/a>, eine k\u00f6lsche Mundart-Band, die durch die sympathische und authentische Art der Musiker begeistern. Au\u00dferdem treten G\u00e4ste aus Simbabwe auf: Sean Mambwere, Tichaona Chikara und Terrence Kapesa, die zu den besten T\u00e4nzern im s\u00fcdlichen Afrika geh\u00f6ren, geben n\u00e4mlich auf Einladung von <a href=\"https:\/\/www.facebook.com\/KukugBadGodesberg?__tn__=-]K*F\">Kukug e.V.<\/a> Kunst und Kultur Bad Godesberg im August Hip-Hop Schulworkshops an Bonner Schulen. \u00dcberraschungsg\u00e4ste f\u00fcr die offene B\u00fchne sind willkommen.<br>Insgesamt soll es ein toller und stimmungsvoller Abend am Rhein werden. Jeder kann etwas zum Essen und Trinken mitbringen. Das Ambiente am Rhein wird auch den ganzen Abend ge\u00f6ffnet sein &#8211; es gibt neben Eis und Getr\u00e4nken auch Snacks und Cocktails. Anfallenden Abfall bitte wieder mitnehmen, damit die Rheintreppe sauber hinterlassen wird &#8211; denn am Sonntag wird sie beim Wesselinger Oldtimertreffen wieder f\u00fcr den Oldtimer-Korso gebraucht! Die Organisatoren empfehlen f\u00fcr den sp\u00e4teren Abend w\u00e4rmere Kleidung und Decken.<br>Eintritt frei, es geht der Hut &#8218;rum.<br>Den Termin findet man auch im Veranstaltungskalender der <a href=\"https:\/\/www.facebook.com\/stadtwesseling?__tn__=-]K*F\">Stadt Wesseling<\/a>.<\/p>\n\n\n\n<p>(Fotocollage: Anita Brandtst\u00e4ter)<\/p>\n\n\n\n<p><\/p>\n","protected":false},"excerpt":{"rendered":"<p>Das RheinKlang 669 Organisationsteam m\u00f6chte am Samstag, 2. September 2023, ab 19 Uhr wieder mit den Besucherinnen und Besuchern der 6. Wesselinger Lichter organisiert von Rheinklang 669 zusammen die gesamte &hellip; <\/p>\n<p class=\"link-more\"><a href=\"https:\/\/rheinklangwesseling.de\/?p=2451\" class=\"more-link\"><span class=\"screen-reader-text\">\u201e6. Wesselinger Lichter am 2.9.2023, ab 19 Uhr\u201c <\/span>weiterlesen<\/a><\/p>\n","protected":false},"author":1,"featured_media":0,"comment_status":"closed","ping_status":"open","sticky":false,"template":"","format":"standard","meta":{"ngg_post_thumbnail":0,"footnotes":""},"categories":[1],"tags":[],"class_list":["post-2451","post","type-post","status-publish","format-standard","hentry","category-uncategorized"],"_links":{"self":[{"href":"https:\/\/rheinklangwesseling.de\/index.php?rest_route=\/wp\/v2\/posts\/2451","targetHints":{"allow":["GET"]}}],"collection":[{"href":"https:\/\/rheinklangwesseling.de\/index.php?rest_route=\/wp\/v2\/posts"}],"about":[{"href":"https:\/\/rheinklangwesseling.de\/index.php?rest_route=\/wp\/v2\/types\/post"}],"author":[{"embeddable":true,"href":"https:\/\/rheinklangwesseling.de\/index.php?rest_route=\/wp\/v2\/users\/1"}],"replies":[{"embeddable":true,"href":"https:\/\/rheinklangwesseling.de\/index.php?rest_route=%2Fwp%2Fv2%2Fcomments&post=2451"}],"version-history":[{"count":1,"href":"https:\/\/rheinklangwesseling.de\/index.php?rest_route=\/wp\/v2\/posts\/2451\/revisions"}],"predecessor-version":[{"id":2453,"href":"https:\/\/rheinklangwesseling.de\/index.php?rest_route=\/wp\/v2\/posts\/2451\/revisions\/2453"}],"wp:attachment":[{"href":"https:\/\/rheinklangwesseling.de\/index.php?rest_route=%2Fwp%2Fv2%2Fmedia&parent=2451"}],"wp:term":[{"taxonomy":"category","embeddable":true,"href":"https:\/\/rheinklangwesseling.de\/index.php?rest_route=%2Fwp%2Fv2%2Fcategories&post=2451"},{"taxonomy":"post_tag","embeddable":true,"href":"https:\/\/rheinklangwesseling.de\/index.php?rest_route=%2Fwp%2Fv2%2Ftags&post=2451"}],"curies":[{"name":"wp","href":"https:\/\/api.w.org\/{rel}","templated":true}]}}