{"id":2816,"date":"2026-04-29T21:19:18","date_gmt":"2026-04-29T20:19:18","guid":{"rendered":"https:\/\/rheinklangwesseling.de\/?p=2816"},"modified":"2026-04-29T21:19:18","modified_gmt":"2026-04-29T20:19:18","slug":"14-rheinklang-669-festival-am-19-20-juni-2026","status":"publish","type":"post","link":"https:\/\/rheinklangwesseling.de\/?p=2816","title":{"rendered":"14. RheinKlang 669 Festival am 19.\/20. Juni 2026"},"content":{"rendered":"\n<p>Im Rahmen des 14. Wesselinger Musikfestivals RheinKlang 669 am 19.\/20. Juni 2026 gibt es am Samstag wieder ein B\u00fchnenprogramm ab 15 Uhr an der Rheintreppe und au\u00dferdem in der Wesselinger City ein vielf\u00e4ltiges Programm in diversen Locations &#8211; nach dem Opening am Freitagabend im C&#8217;est la Vie.<\/p>\n\n\n\n<p>Alle Informationen zum Ablauf des Festivals finden sich unter dem Men\u00fcpunkt <em>Pogramm<\/em><\/p>\n","protected":false},"excerpt":{"rendered":"<p>Im Rahmen des 14. Wesselinger Musikfestivals RheinKlang 669 am 19.\/20. Juni 2026 gibt es am Samstag wieder ein B\u00fchnenprogramm ab 15 Uhr an der Rheintreppe und au\u00dferdem in der Wesselinger &hellip; <\/p>\n<p class=\"link-more\"><a href=\"https:\/\/rheinklangwesseling.de\/?p=2816\" class=\"more-link\"><span class=\"screen-reader-text\">\u201e14. RheinKlang 669 Festival am 19.\/20. Juni 2026\u201c <\/span>weiterlesen<\/a><\/p>\n","protected":false},"author":1,"featured_media":0,"comment_status":"closed","ping_status":"open","sticky":false,"template":"","format":"standard","meta":{"ngg_post_thumbnail":0,"footnotes":""},"categories":[1],"tags":[],"class_list":["post-2816","post","type-post","status-publish","format-standard","hentry","category-uncategorized"],"_links":{"self":[{"href":"https:\/\/rheinklangwesseling.de\/index.php?rest_route=\/wp\/v2\/posts\/2816","targetHints":{"allow":["GET"]}}],"collection":[{"href":"https:\/\/rheinklangwesseling.de\/index.php?rest_route=\/wp\/v2\/posts"}],"about":[{"href":"https:\/\/rheinklangwesseling.de\/index.php?rest_route=\/wp\/v2\/types\/post"}],"author":[{"embeddable":true,"href":"https:\/\/rheinklangwesseling.de\/index.php?rest_route=\/wp\/v2\/users\/1"}],"replies":[{"embeddable":true,"href":"https:\/\/rheinklangwesseling.de\/index.php?rest_route=%2Fwp%2Fv2%2Fcomments&post=2816"}],"version-history":[{"count":1,"href":"https:\/\/rheinklangwesseling.de\/index.php?rest_route=\/wp\/v2\/posts\/2816\/revisions"}],"predecessor-version":[{"id":2817,"href":"https:\/\/rheinklangwesseling.de\/index.php?rest_route=\/wp\/v2\/posts\/2816\/revisions\/2817"}],"wp:attachment":[{"href":"https:\/\/rheinklangwesseling.de\/index.php?rest_route=%2Fwp%2Fv2%2Fmedia&parent=2816"}],"wp:term":[{"taxonomy":"category","embeddable":true,"href":"https:\/\/rheinklangwesseling.de\/index.php?rest_route=%2Fwp%2Fv2%2Fcategories&post=2816"},{"taxonomy":"post_tag","embeddable":true,"href":"https:\/\/rheinklangwesseling.de\/index.php?rest_route=%2Fwp%2Fv2%2Ftags&post=2816"}],"curies":[{"name":"wp","href":"https:\/\/api.w.org\/{rel}","templated":true}]}}